{"id":591,"date":"2017-05-03T15:16:38","date_gmt":"2017-05-03T13:16:38","guid":{"rendered":"http:\/\/mgf-lab.lormes-home.de\/?p=591"},"modified":"2018-09-15T09:53:40","modified_gmt":"2018-09-15T07:53:40","slug":"nachhaltigkeit","status":"publish","type":"post","link":"https:\/\/mgf-lab.mgf-kulmbach.de\/index.php\/2017\/05\/03\/nachhaltigkeit\/","title":{"rendered":"Nachhaltigkeit"},"content":{"rendered":"<p style=\"text-align: justify;\">Vor zwei Jahren war ein Sch\u00fcler aus Coburg bei uns im Kurs der Regionalen Begabtenf\u00f6rderung. Das Thema Microcontroller hat ihn wohl seither nicht mehr losgelassen und er hat in der Zwischenzeit mit seinem im Kurs gelernten Wissen ein Umweltschutz-Projekt verwirklicht, bei dem wir im MGF-Lab auch noch ein bisschen helfen konnten.<!--more--><\/p>\n<p style=\"text-align: justify;\">Felix schreibt: &#8222;Bei dem Projekt geht es darum, die Energie einzusparen, die bei zu <a href=\"https:\/\/mgf-lab.mgf-kulmbach.de\/wp-content\/uploads\/2017\/05\/Aufbau.jpg\"><img decoding=\"async\" loading=\"lazy\" class=\"size-medium wp-image-595 alignleft\" src=\"https:\/\/mgf-lab.mgf-kulmbach.de\/wp-content\/uploads\/2017\/05\/Aufbau-300x253.jpg\" alt=\"Aufbau\" width=\"300\" height=\"253\" srcset=\"https:\/\/mgf-lab.mgf-kulmbach.de\/wp-content\/uploads\/2017\/05\/Aufbau-300x253.jpg 300w, https:\/\/mgf-lab.mgf-kulmbach.de\/wp-content\/uploads\/2017\/05\/Aufbau-356x300.jpg 356w, https:\/\/mgf-lab.mgf-kulmbach.de\/wp-content\/uploads\/2017\/05\/Aufbau.jpg 432w\" sizes=\"(max-width: 300px) 100vw, 300px\" \/><\/a>langem \u00d6ffnen von Fenstern entwertet wird. Bei 5 Grad Au\u00dfentemperatur kann man mit dem Energieunterschied zwischen 3 min und 15 min \u00f6ffnen einen Laptop f\u00fcr gut 40 Minuten betreiben! Deswegen kann man den Smart Window Sensor am Fenster energieeinsparend anbringen. Wird das Fenster ge\u00f6ffnet, registriert dies ein Reed-Kontakt. Nach Ablauf einer eingestellten Zeit piept die Schaltung dann so schrill, dass man dies im ganzen Haus h\u00f6rt, \u00e4hnlich einer Sp\u00fclmaschine die ge\u00f6ffnet werden will. Um den Alarm abzustellen, muss<a href=\"https:\/\/mgf-lab.mgf-kulmbach.de\/wp-content\/uploads\/2017\/05\/Platine.jpg\"><img decoding=\"async\" loading=\"lazy\" class=\"size-medium wp-image-597 alignright\" src=\"https:\/\/mgf-lab.mgf-kulmbach.de\/wp-content\/uploads\/2017\/05\/Platine-300x263.jpg\" alt=\"Platine\" width=\"300\" height=\"263\" srcset=\"https:\/\/mgf-lab.mgf-kulmbach.de\/wp-content\/uploads\/2017\/05\/Platine-300x263.jpg 300w, https:\/\/mgf-lab.mgf-kulmbach.de\/wp-content\/uploads\/2017\/05\/Platine-342x300.jpg 342w, https:\/\/mgf-lab.mgf-kulmbach.de\/wp-content\/uploads\/2017\/05\/Platine.jpg 480w\" sizes=\"(max-width: 300px) 100vw, 300px\" \/><\/a> man das Fenster schlie\u00dfen oder den Sensor ausschalten.&#8220;<\/p>\n<p style=\"text-align: justify;\">Felix war so nett uns ein paar Bilder \u00fcber den Aufbau zur Verf\u00fcgung zu stellen. <a href=\"https:\/\/mgf-lab.mgf-kulmbach.de\/wp-content\/uploads\/2017\/05\/Schaltplan.jpg\"><img decoding=\"async\" loading=\"lazy\" class=\"size-medium wp-image-598 alignleft\" src=\"https:\/\/mgf-lab.mgf-kulmbach.de\/wp-content\/uploads\/2017\/05\/Schaltplan-300x213.jpg\" alt=\"Schaltplan\" width=\"300\" height=\"213\" srcset=\"https:\/\/mgf-lab.mgf-kulmbach.de\/wp-content\/uploads\/2017\/05\/Schaltplan-300x213.jpg 300w, https:\/\/mgf-lab.mgf-kulmbach.de\/wp-content\/uploads\/2017\/05\/Schaltplan-422x300.jpg 422w, https:\/\/mgf-lab.mgf-kulmbach.de\/wp-content\/uploads\/2017\/05\/Schaltplan.jpg 480w\" sizes=\"(max-width: 300px) 100vw, 300px\" \/><\/a>Um seiner Schaltung einen w\u00fcrdigen Rahmen f\u00fcr die Pr\u00e4sentation bei Jugend forscht und bei der Firma Bosch zu verleihen wurden wir gebeten ihm ein Geh\u00e4use zu drucken. Nach ein paar emails lagen die Daten dann in einem verwertbaren Format vor und die Schaltung hat seitdem ein sch\u00f6nes Zuhause.<\/p>\n<p style=\"text-align: justify;\">Wir dr\u00fccken Felix f\u00fcr Jugend forscht fest die Daumen!<\/p>\n<p style=\"text-align: justify;\"><a href=\"https:\/\/mgf-lab.mgf-kulmbach.de\/wp-content\/uploads\/2017\/05\/Felix_Gehaeuse.jpg\"><img decoding=\"async\" loading=\"lazy\" class=\"wp-image-596 size-medium aligncenter\" src=\"https:\/\/mgf-lab.mgf-kulmbach.de\/wp-content\/uploads\/2017\/05\/Felix_Gehaeuse-300x226.jpg\" alt=\"Felix_Gehaeuse\" width=\"300\" height=\"226\" srcset=\"https:\/\/mgf-lab.mgf-kulmbach.de\/wp-content\/uploads\/2017\/05\/Felix_Gehaeuse-300x226.jpg 300w, https:\/\/mgf-lab.mgf-kulmbach.de\/wp-content\/uploads\/2017\/05\/Felix_Gehaeuse-399x300.jpg 399w, https:\/\/mgf-lab.mgf-kulmbach.de\/wp-content\/uploads\/2017\/05\/Felix_Gehaeuse.jpg 480w\" sizes=\"(max-width: 300px) 100vw, 300px\" \/><\/a><\/p>\n","protected":false},"excerpt":{"rendered":"<p>Vor zwei Jahren war ein Sch\u00fcler aus Coburg bei uns im Kurs der Regionalen Begabtenf\u00f6rderung. Das Thema Microcontroller hat ihn wohl seither nicht mehr losgelassen und er hat in der Zwischenzeit mit seinem im Kurs gelernten Wissen ein Umweltschutz-Projekt verwirklicht, bei dem wir im MGF-Lab auch noch ein bisschen helfen konnten.<\/p>\n","protected":false},"author":1,"featured_media":596,"comment_status":"open","ping_status":"closed","sticky":false,"template":"","format":"standard","meta":[],"categories":[20],"tags":[],"_links":{"self":[{"href":"https:\/\/mgf-lab.mgf-kulmbach.de\/index.php\/wp-json\/wp\/v2\/posts\/591"}],"collection":[{"href":"https:\/\/mgf-lab.mgf-kulmbach.de\/index.php\/wp-json\/wp\/v2\/posts"}],"about":[{"href":"https:\/\/mgf-lab.mgf-kulmbach.de\/index.php\/wp-json\/wp\/v2\/types\/post"}],"author":[{"embeddable":true,"href":"https:\/\/mgf-lab.mgf-kulmbach.de\/index.php\/wp-json\/wp\/v2\/users\/1"}],"replies":[{"embeddable":true,"href":"https:\/\/mgf-lab.mgf-kulmbach.de\/index.php\/wp-json\/wp\/v2\/comments?post=591"}],"version-history":[{"count":5,"href":"https:\/\/mgf-lab.mgf-kulmbach.de\/index.php\/wp-json\/wp\/v2\/posts\/591\/revisions"}],"predecessor-version":[{"id":813,"href":"https:\/\/mgf-lab.mgf-kulmbach.de\/index.php\/wp-json\/wp\/v2\/posts\/591\/revisions\/813"}],"wp:featuredmedia":[{"embeddable":true,"href":"https:\/\/mgf-lab.mgf-kulmbach.de\/index.php\/wp-json\/wp\/v2\/media\/596"}],"wp:attachment":[{"href":"https:\/\/mgf-lab.mgf-kulmbach.de\/index.php\/wp-json\/wp\/v2\/media?parent=591"}],"wp:term":[{"taxonomy":"category","embeddable":true,"href":"https:\/\/mgf-lab.mgf-kulmbach.de\/index.php\/wp-json\/wp\/v2\/categories?post=591"},{"taxonomy":"post_tag","embeddable":true,"href":"https:\/\/mgf-lab.mgf-kulmbach.de\/index.php\/wp-json\/wp\/v2\/tags?post=591"}],"curies":[{"name":"wp","href":"https:\/\/api.w.org\/{rel}","templated":true}]}}