{"id":537,"date":"2017-04-02T20:56:46","date_gmt":"2017-04-02T18:56:46","guid":{"rendered":"http:\/\/mgf-lab.lormes-home.de\/?p=537"},"modified":"2018-09-15T10:23:18","modified_gmt":"2018-09-15T08:23:18","slug":"schoen-wars-beim-arduino-day","status":"publish","type":"post","link":"https:\/\/mgf-lab.mgf-kulmbach.de\/index.php\/2017\/04\/02\/schoen-wars-beim-arduino-day\/","title":{"rendered":"Sch\u00f6n wars beim Arduino Day!"},"content":{"rendered":"<p style=\"text-align: justify;\">Voller Vorfreude fuhren Josias, Dominik und Jonathan zusammen mit ihrem Lehrer Herrn Lormes am 1.4. um 11:00 Uhr ans FabLab nach Bindlach, um die Veranstalter des Arduino-Days mit tatkr\u00e4ftiger Hilfe bei der Workshop-Betreuung und <a href=\"https:\/\/mgf-lab.mgf-kulmbach.de\/index.php\/2017\/03\/25\/mgf-am-arduino-day-2017\/\" target=\"_blank\">Ausstellungsst\u00fccken aus unserem MGF-Lab<\/a> zu unterst\u00fctzen.<\/p>\n<p style=\"text-align: justify;\">Ein kurzer <a href=\"http:\/\/mgf-kulmbach.de\/neu\/index.php?option=com_content&amp;view=article&amp;id=490:mgf-am-arduino-day&amp;catid=30&amp;Itemid=334\" target=\"_blank\">Reisebericht mit Bildern<\/a> ist bereits auf der Schulhomepage ver\u00f6ffentlicht. Interessant f\u00fcr unser Lab sind hingegen die technischen Gesichtspunkte, die uns w\u00e4hrend des Arduino Days in Gespr\u00e4chen zu neuen Ideen f\u00fchrten. So haben Josias und Dominik das DCF-77 Projekt soweit voran gebracht, dass als n\u00e4chster Schritt die Ausgabe der empfangenen Daten auf einem LCD-Display ansteht.<!--more--><\/p>\n<p style=\"text-align: justify;\">F\u00fcr unseren Roboterarm haben wir eine Idee zur sanfteren Bewegung des Armes erhalten. Am Arduino Day war auch ein anderer Roboterarm zu sehen, der auf Grund seiner flachen Bauteile entweder einfacher als unser Modell 3D-gedruckt oder mit dem Lasercutter ausgeschnitten werden kann.<\/p>\n<p style=\"text-align: justify;\">Auch das FabFarmer Projekt gab Anlass f\u00fcr viele Gespr\u00e4che. So ist der verwendete Microcontroller auf auf dem WeMos D1 Mini Board zusammen mit dem verwendeten Wifi-Chip ESP8266 ein Tor zum IoT. Zusammen mit einem kostenlosen backend wie thinger.io ergeben sich hier ganz schnell wieder ganz viele neue Projektchen f\u00fcr unser MGF-Lab.<\/p>\n<p style=\"text-align: justify;\">Man kann gespannt sein, wie wir diese Ideen in der Zukunft umsetzen werden!<\/p>\n<p>&nbsp;<\/p>\n","protected":false},"excerpt":{"rendered":"<p>Voller Vorfreude fuhren Josias, Dominik und Jonathan zusammen mit ihrem Lehrer Herrn Lormes am 1.4. um 11:00 Uhr ans FabLab nach Bindlach, um die Veranstalter des Arduino-Days mit tatkr\u00e4ftiger Hilfe bei der Workshop-Betreuung und Ausstellungsst\u00fccken aus unserem MGF-Lab zu unterst\u00fctzen. Ein kurzer Reisebericht mit Bildern ist bereits auf der Schulhomepage ver\u00f6ffentlicht. Interessant f\u00fcr unser Lab sind hingegen die technischen Gesichtspunkte, die uns w\u00e4hrend des Arduino Days in Gespr\u00e4chen zu neuen Ideen f\u00fchrten. So haben Josias und Dominik das DCF-77 Projekt&#8230;<\/p>\n<p class=\"read-more\"><a class=\"btn btn-default\" href=\"https:\/\/mgf-lab.mgf-kulmbach.de\/index.php\/2017\/04\/02\/schoen-wars-beim-arduino-day\/\">Weiterlesen<span class=\"screen-reader-text\"> Weiterlesen<\/span><\/a><\/p>\n","protected":false},"author":1,"featured_media":554,"comment_status":"open","ping_status":"closed","sticky":false,"template":"","format":"standard","meta":[],"categories":[20],"tags":[],"_links":{"self":[{"href":"https:\/\/mgf-lab.mgf-kulmbach.de\/index.php\/wp-json\/wp\/v2\/posts\/537"}],"collection":[{"href":"https:\/\/mgf-lab.mgf-kulmbach.de\/index.php\/wp-json\/wp\/v2\/posts"}],"about":[{"href":"https:\/\/mgf-lab.mgf-kulmbach.de\/index.php\/wp-json\/wp\/v2\/types\/post"}],"author":[{"embeddable":true,"href":"https:\/\/mgf-lab.mgf-kulmbach.de\/index.php\/wp-json\/wp\/v2\/users\/1"}],"replies":[{"embeddable":true,"href":"https:\/\/mgf-lab.mgf-kulmbach.de\/index.php\/wp-json\/wp\/v2\/comments?post=537"}],"version-history":[{"count":3,"href":"https:\/\/mgf-lab.mgf-kulmbach.de\/index.php\/wp-json\/wp\/v2\/posts\/537\/revisions"}],"predecessor-version":[{"id":795,"href":"https:\/\/mgf-lab.mgf-kulmbach.de\/index.php\/wp-json\/wp\/v2\/posts\/537\/revisions\/795"}],"wp:featuredmedia":[{"embeddable":true,"href":"https:\/\/mgf-lab.mgf-kulmbach.de\/index.php\/wp-json\/wp\/v2\/media\/554"}],"wp:attachment":[{"href":"https:\/\/mgf-lab.mgf-kulmbach.de\/index.php\/wp-json\/wp\/v2\/media?parent=537"}],"wp:term":[{"taxonomy":"category","embeddable":true,"href":"https:\/\/mgf-lab.mgf-kulmbach.de\/index.php\/wp-json\/wp\/v2\/categories?post=537"},{"taxonomy":"post_tag","embeddable":true,"href":"https:\/\/mgf-lab.mgf-kulmbach.de\/index.php\/wp-json\/wp\/v2\/tags?post=537"}],"curies":[{"name":"wp","href":"https:\/\/api.w.org\/{rel}","templated":true}]}}