{"id":2170,"date":"2022-08-06T11:12:21","date_gmt":"2022-08-06T10:12:21","guid":{"rendered":"http:\/\/mgf-lab.mgf-kulmbach.de\/?p=2170"},"modified":"2022-08-06T11:12:24","modified_gmt":"2022-08-06T10:12:24","slug":"neuer-3d-druck-kurs-im-naechsten-schuljahr","status":"publish","type":"post","link":"https:\/\/mgf-lab.mgf-kulmbach.de\/index.php\/2022\/08\/06\/neuer-3d-druck-kurs-im-naechsten-schuljahr\/","title":{"rendered":"Neuer 3D-Druck Kurs im n\u00e4chsten Schuljahr"},"content":{"rendered":"\n<p>Zum Gl\u00fcck wird es im kommenden Schuljahr wieder etwas belebter im MGF-Lab. Nicht, dass es verwaisen w\u00fcrde, immerhin sind die die Kurse der Regionalen Begabtenf\u00f6rderung Oberfranken und die beiden Junior-Ingenieur-Akademien regelm\u00e4\u00dfige Nutzer unserer Hightech-Werkstatt. Was uns aber coronabedingt etwas gegfehlt hat war die Nachwuchsf\u00f6rderung durch einen regul\u00e4ren Wahlkurs.<\/p>\n\n\n\n<p>Und dieser Kurs, im kommenden Schuljahr &#8222;3D-Drucken&#8220; genannt, ist auf Grund der Vorauswahl in der Wahlkursbelegung durch die Sch\u00fcler von der Schulleitung dankenswerterweise wieder eingerichtet worden.<\/p>\n\n\n\n<p>Wir freuen uns daher auf viele neue und auch bekannte Gesichter und darauf, dass wir ihnen die M\u00f6glichkeit geben sich intensiv mit Technik in den unterschiedlichsten Schattierungen besch\u00e4ftigen zu k\u00f6nnen. Denn Nachwuchs im MINT Bereich ist das, was unsere Industrie am N\u00f6tigsten hat. Sch\u00f6n, wenn man an seiner Schule die M\u00f6glichkeit hat, sich hier individuell f\u00f6rdern zu lassen. <\/p>\n","protected":false},"excerpt":{"rendered":"<p>Zum Gl\u00fcck wird es im kommenden Schuljahr wieder etwas belebter im MGF-Lab. Nicht, dass es verwaisen w\u00fcrde, immerhin sind die die Kurse der Regionalen Begabtenf\u00f6rderung Oberfranken und die beiden Junior-Ingenieur-Akademien regelm\u00e4\u00dfige Nutzer unserer Hightech-Werkstatt. Was uns aber coronabedingt etwas gegfehlt hat war die Nachwuchsf\u00f6rderung durch einen regul\u00e4ren Wahlkurs. Und dieser Kurs, im kommenden Schuljahr &#8222;3D-Drucken&#8220; genannt, ist auf Grund der Vorauswahl in der Wahlkursbelegung durch die Sch\u00fcler von der Schulleitung dankenswerterweise wieder eingerichtet worden. Wir freuen uns daher auf viele&#8230;<\/p>\n<p class=\"read-more\"><a class=\"btn btn-default\" href=\"https:\/\/mgf-lab.mgf-kulmbach.de\/index.php\/2022\/08\/06\/neuer-3d-druck-kurs-im-naechsten-schuljahr\/\">Weiterlesen<span class=\"screen-reader-text\"> Weiterlesen<\/span><\/a><\/p>\n","protected":false},"author":1,"featured_media":1063,"comment_status":"open","ping_status":"closed","sticky":false,"template":"","format":"standard","meta":[],"categories":[20],"tags":[],"_links":{"self":[{"href":"https:\/\/mgf-lab.mgf-kulmbach.de\/index.php\/wp-json\/wp\/v2\/posts\/2170"}],"collection":[{"href":"https:\/\/mgf-lab.mgf-kulmbach.de\/index.php\/wp-json\/wp\/v2\/posts"}],"about":[{"href":"https:\/\/mgf-lab.mgf-kulmbach.de\/index.php\/wp-json\/wp\/v2\/types\/post"}],"author":[{"embeddable":true,"href":"https:\/\/mgf-lab.mgf-kulmbach.de\/index.php\/wp-json\/wp\/v2\/users\/1"}],"replies":[{"embeddable":true,"href":"https:\/\/mgf-lab.mgf-kulmbach.de\/index.php\/wp-json\/wp\/v2\/comments?post=2170"}],"version-history":[{"count":2,"href":"https:\/\/mgf-lab.mgf-kulmbach.de\/index.php\/wp-json\/wp\/v2\/posts\/2170\/revisions"}],"predecessor-version":[{"id":2172,"href":"https:\/\/mgf-lab.mgf-kulmbach.de\/index.php\/wp-json\/wp\/v2\/posts\/2170\/revisions\/2172"}],"wp:featuredmedia":[{"embeddable":true,"href":"https:\/\/mgf-lab.mgf-kulmbach.de\/index.php\/wp-json\/wp\/v2\/media\/1063"}],"wp:attachment":[{"href":"https:\/\/mgf-lab.mgf-kulmbach.de\/index.php\/wp-json\/wp\/v2\/media?parent=2170"}],"wp:term":[{"taxonomy":"category","embeddable":true,"href":"https:\/\/mgf-lab.mgf-kulmbach.de\/index.php\/wp-json\/wp\/v2\/categories?post=2170"},{"taxonomy":"post_tag","embeddable":true,"href":"https:\/\/mgf-lab.mgf-kulmbach.de\/index.php\/wp-json\/wp\/v2\/tags?post=2170"}],"curies":[{"name":"wp","href":"https:\/\/api.w.org\/{rel}","templated":true}]}}