{"id":1859,"date":"2020-05-09T16:08:28","date_gmt":"2020-05-09T14:08:28","guid":{"rendered":"http:\/\/mgf-lab.mgf-kulmbach.de\/?p=1859"},"modified":"2020-05-09T16:51:49","modified_gmt":"2020-05-09T14:51:49","slug":"wetterstation-mit-feinstaubsensor-und-lora","status":"publish","type":"post","link":"https:\/\/mgf-lab.mgf-kulmbach.de\/index.php\/2020\/05\/09\/wetterstation-mit-feinstaubsensor-und-lora\/","title":{"rendered":"Wetterstation mit Feinstaubsensor und LoRa"},"content":{"rendered":"<p style=\"text-align: justify;\">Im Rahmen der Regionalen Begabtenf\u00f6rderung Oberfranken wurde in unserem MGF-Lab eine <a href=\"https:\/\/sensebox.de\/de\/products\" target=\"_blank\" rel=\"noopener noreferrer\">SenseBox:home<\/a> aufgebaut. Mit dieser Umweltmessstation werden seitdem in einer ersten Erprobungsphase min\u00fctlich Temperatur, Luftfeuchtigkeit, Luftdruck, Beleuchtungsst\u00e4rke, UV-Intensit\u00e4t und die Feinstaubbelastung gemessen.<!--more-->Die Sensebox schickte dazu die Messwerte \u00fcber WLAN ins Internet, wo sie unter <a href=\"https:\/\/opensensemap.org\/explore\/5eaf2e7a712645001b58ba5c\" target=\"_blank\" rel=\"noopener noreferrer\">https:\/\/opensensemap.org\/explore\/5eaf2e7a712645001b58ba5c<\/a> betrachtet werden k\u00f6nnen.<a href=\"https:\/\/mgf-lab.mgf-kulmbach.de\/wp-content\/uploads\/2020\/05\/Wetterstation.jpg\"><img decoding=\"async\" loading=\"lazy\" class=\"aligncenter size-thumbnail wp-image-1888\" src=\"https:\/\/mgf-lab.mgf-kulmbach.de\/wp-content\/uploads\/2020\/05\/Wetterstation-150x150.jpg\" alt=\"\" width=\"150\" height=\"150\" srcset=\"https:\/\/mgf-lab.mgf-kulmbach.de\/wp-content\/uploads\/2020\/05\/Wetterstation-150x150.jpg 150w, https:\/\/mgf-lab.mgf-kulmbach.de\/wp-content\/uploads\/2020\/05\/Wetterstation-120x120.jpg 120w\" sizes=\"(max-width: 150px) 100vw, 150px\" \/><\/a>Da an unserer Schule das WLAN aber in einer Weise gesichert ist, die der in der Messstation verbaute Prozessor leider nicht zu handhaben vermag, wurde die Box kurzerhand auf LoRa umgebaut um die Messdaten \u00fcber das schuleigene LoRaWAN Gateway im Internet abrufbar zu machen. \u00dcber das <a href=\"http:\/\/thethingsnetwork.org\" target=\"_blank\" rel=\"noopener noreferrer\">thethingsnetwork.org<\/a> (TTN) werden die Daten mittels der dortigen http-Integration zu opensensemap.de weitergeleitet und dort aufbereitet.<a href=\"https:\/\/mgf-lab.mgf-kulmbach.de\/wp-content\/uploads\/2020\/05\/OpenSenseMap.jpg\"><img decoding=\"async\" loading=\"lazy\" class=\"aligncenter size-thumbnail wp-image-1907\" src=\"https:\/\/mgf-lab.mgf-kulmbach.de\/wp-content\/uploads\/2020\/05\/OpenSenseMap-150x150.jpg\" alt=\"\" width=\"150\" height=\"150\" srcset=\"https:\/\/mgf-lab.mgf-kulmbach.de\/wp-content\/uploads\/2020\/05\/OpenSenseMap-150x150.jpg 150w, https:\/\/mgf-lab.mgf-kulmbach.de\/wp-content\/uploads\/2020\/05\/OpenSenseMap-120x120.jpg 120w\" sizes=\"(max-width: 150px) 100vw, 150px\" \/><\/a><\/p>\n<p style=\"text-align: justify;\">Da die Datenmenge in LoRa Sendungen sehr kostbar sind, wird hierzu von der SenseBox kein Klartext versendet, sondern die Messwerte in Hexadezimalcode umgewandelt. \u00dcber die Hintergr\u00fcnde und wie man Bytes beim \u00dcbertragen von Daten sparen kann gibt es<a href=\"https:\/\/www.thethingsnetwork.org\/docs\/devices\/bytes.html\" target=\"_blank\" rel=\"noopener noreferrer\"> hier eine sch\u00f6ne Erkl\u00e4rung<\/a>. Gl\u00fccklicherweise erfolgt die Decodierung der Daten inzwischen autark bei opensensemap, so dass man im Backend von TTN keinen json decoder mehr zu programmieren braucht.\u00a0<\/p>\n<p style=\"text-align: justify;\">Die Stromversorgung der SenseBox erfolgt nachhaltig per Solarpanel. Aktuell laufen Versuche, ob das Solarpanel und der eingebaute LiPo Puffer Akku auch mehrere Tage mit verminderter Sonneneinstrahlung gen\u00fcgend Energie f\u00fcr den Betrieb der SenseBox liefern.<\/p>\n<p style=\"text-align: justify;\">Nach der endg\u00fcltigen Installation der SenseBox an der Schule wird diese unserer Umweltgruppe \u00fcbergeben, die sich schon auf die Auswertung der gewonnenen Messdaten freut!<\/p>\n\n\n<p>  <\/p>\n","protected":false},"excerpt":{"rendered":"<p>Im Rahmen der Regionalen Begabtenf\u00f6rderung Oberfranken wurde in unserem MGF-Lab eine SenseBox:home aufgebaut. Mit dieser Umweltmessstation werden seitdem in einer ersten Erprobungsphase min\u00fctlich Temperatur, Luftfeuchtigkeit, Luftdruck, Beleuchtungsst\u00e4rke, UV-Intensit\u00e4t und die Feinstaubbelastung gemessen.<\/p>\n","protected":false},"author":1,"featured_media":1888,"comment_status":"open","ping_status":"closed","sticky":false,"template":"","format":"standard","meta":[],"categories":[20,18],"tags":[],"_links":{"self":[{"href":"https:\/\/mgf-lab.mgf-kulmbach.de\/index.php\/wp-json\/wp\/v2\/posts\/1859"}],"collection":[{"href":"https:\/\/mgf-lab.mgf-kulmbach.de\/index.php\/wp-json\/wp\/v2\/posts"}],"about":[{"href":"https:\/\/mgf-lab.mgf-kulmbach.de\/index.php\/wp-json\/wp\/v2\/types\/post"}],"author":[{"embeddable":true,"href":"https:\/\/mgf-lab.mgf-kulmbach.de\/index.php\/wp-json\/wp\/v2\/users\/1"}],"replies":[{"embeddable":true,"href":"https:\/\/mgf-lab.mgf-kulmbach.de\/index.php\/wp-json\/wp\/v2\/comments?post=1859"}],"version-history":[{"count":10,"href":"https:\/\/mgf-lab.mgf-kulmbach.de\/index.php\/wp-json\/wp\/v2\/posts\/1859\/revisions"}],"predecessor-version":[{"id":1911,"href":"https:\/\/mgf-lab.mgf-kulmbach.de\/index.php\/wp-json\/wp\/v2\/posts\/1859\/revisions\/1911"}],"wp:featuredmedia":[{"embeddable":true,"href":"https:\/\/mgf-lab.mgf-kulmbach.de\/index.php\/wp-json\/wp\/v2\/media\/1888"}],"wp:attachment":[{"href":"https:\/\/mgf-lab.mgf-kulmbach.de\/index.php\/wp-json\/wp\/v2\/media?parent=1859"}],"wp:term":[{"taxonomy":"category","embeddable":true,"href":"https:\/\/mgf-lab.mgf-kulmbach.de\/index.php\/wp-json\/wp\/v2\/categories?post=1859"},{"taxonomy":"post_tag","embeddable":true,"href":"https:\/\/mgf-lab.mgf-kulmbach.de\/index.php\/wp-json\/wp\/v2\/tags?post=1859"}],"curies":[{"name":"wp","href":"https:\/\/api.w.org\/{rel}","templated":true}]}}