{"id":1809,"date":"2020-03-25T21:50:34","date_gmt":"2020-03-25T19:50:34","guid":{"rendered":"http:\/\/mgf-lab.mgf-kulmbach.de\/?p=1809"},"modified":"2020-03-25T21:50:37","modified_gmt":"2020-03-25T19:50:37","slug":"mikrophonhalterung-amateurfunk","status":"publish","type":"post","link":"https:\/\/mgf-lab.mgf-kulmbach.de\/index.php\/2020\/03\/25\/mikrophonhalterung-amateurfunk\/","title":{"rendered":"Mikrophonhalterung Amateurfunk"},"content":{"rendered":"\n<p style=\"text-align: justify;\">Da der Autor dieser Zeilen seit vergangenem Jahr staatlich gepr\u00fcfter Funkamateur mit dem Rufzeichen DJ4QV ist, stellt er sich gerade sein Equipment zusammen.<!--more-->Das Funkger\u00e4t f\u00fcr den Portabelbetrieb wurde in ein 19 Zoll Rack eingebaut. Dabei fiel auf, dass f\u00fcr das Mikrophon keine geeignete Ablage bzw. Aufh\u00e4ngevorrichtung vorhanden war.<\/p>\n<p>Also wurde kurzerhand in FreeCAD ein Haken konstruiert, der wie regul\u00e4re 19 Zoll Ger\u00e4tschaften in die seitliche Schiene des Racks geschraubt werden kann.<\/p>\n\n\n\n<p><a href=\"https:\/\/mgf-lab.mgf-kulmbach.de\/wp-content\/uploads\/2020\/03\/Mikrohalterung.png\"><img decoding=\"async\" loading=\"lazy\" class=\"aligncenter wp-image-1814 size-medium\" src=\"https:\/\/mgf-lab.mgf-kulmbach.de\/wp-content\/uploads\/2020\/03\/Mikrohalterung-300x255.png\" alt=\"\" width=\"300\" height=\"255\" srcset=\"https:\/\/mgf-lab.mgf-kulmbach.de\/wp-content\/uploads\/2020\/03\/Mikrohalterung-300x255.png 300w, https:\/\/mgf-lab.mgf-kulmbach.de\/wp-content\/uploads\/2020\/03\/Mikrohalterung-768x654.png 768w, https:\/\/mgf-lab.mgf-kulmbach.de\/wp-content\/uploads\/2020\/03\/Mikrohalterung-352x300.png 352w, https:\/\/mgf-lab.mgf-kulmbach.de\/wp-content\/uploads\/2020\/03\/Mikrohalterung.png 835w\" sizes=\"(max-width: 300px) 100vw, 300px\" \/><\/a>Das Design in FreeCAD parametrisch anzulegen w\u00e4re im Nachhinein gar nicht n\u00f6tig gewesen, passte der erste Ausdruck auf dem Ender 3 doch sofort. \u00a0<\/p>\n\n\n\n<p><a href=\"https:\/\/mgf-lab.mgf-kulmbach.de\/wp-content\/uploads\/2020\/03\/IMG_20200325_143231.jpg\"><img decoding=\"async\" loading=\"lazy\" class=\"wp-image-1816 size-medium alignleft\" src=\"https:\/\/mgf-lab.mgf-kulmbach.de\/wp-content\/uploads\/2020\/03\/IMG_20200325_143231-300x225.jpg\" alt=\"\" width=\"300\" height=\"225\" srcset=\"https:\/\/mgf-lab.mgf-kulmbach.de\/wp-content\/uploads\/2020\/03\/IMG_20200325_143231-300x225.jpg 300w, https:\/\/mgf-lab.mgf-kulmbach.de\/wp-content\/uploads\/2020\/03\/IMG_20200325_143231-768x576.jpg 768w, https:\/\/mgf-lab.mgf-kulmbach.de\/wp-content\/uploads\/2020\/03\/IMG_20200325_143231-1024x768.jpg 1024w, https:\/\/mgf-lab.mgf-kulmbach.de\/wp-content\/uploads\/2020\/03\/IMG_20200325_143231-400x300.jpg 400w\" sizes=\"(max-width: 300px) 100vw, 300px\" \/><\/a><a href=\"https:\/\/mgf-lab.mgf-kulmbach.de\/wp-content\/uploads\/2020\/03\/IMG_20200325_143254.jpg\"><img decoding=\"async\" loading=\"lazy\" class=\"wp-image-1813 size-medium alignright\" src=\"https:\/\/mgf-lab.mgf-kulmbach.de\/wp-content\/uploads\/2020\/03\/IMG_20200325_143254-225x300.jpg\" alt=\"\" width=\"225\" height=\"300\" srcset=\"https:\/\/mgf-lab.mgf-kulmbach.de\/wp-content\/uploads\/2020\/03\/IMG_20200325_143254-225x300.jpg 225w, https:\/\/mgf-lab.mgf-kulmbach.de\/wp-content\/uploads\/2020\/03\/IMG_20200325_143254-768x1024.jpg 768w\" sizes=\"(max-width: 225px) 100vw, 225px\" \/><\/a><a href=\"https:\/\/mgf-lab.mgf-kulmbach.de\/wp-content\/uploads\/2020\/03\/IMG_20200325_143341.jpg\"><img decoding=\"async\" loading=\"lazy\" class=\"aligncenter wp-image-1811 size-medium\" src=\"https:\/\/mgf-lab.mgf-kulmbach.de\/wp-content\/uploads\/2020\/03\/IMG_20200325_143341-225x300.jpg\" alt=\"\" width=\"225\" height=\"300\" srcset=\"https:\/\/mgf-lab.mgf-kulmbach.de\/wp-content\/uploads\/2020\/03\/IMG_20200325_143341-225x300.jpg 225w, https:\/\/mgf-lab.mgf-kulmbach.de\/wp-content\/uploads\/2020\/03\/IMG_20200325_143341-768x1024.jpg 768w\" sizes=\"(max-width: 225px) 100vw, 225px\" \/><\/a>Selbstverst\u00e4ndlich wurde das Design der 3D-Druck Community <a href=\"https:\/\/www.thingiverse.com\/thing:4240856\" target=\"_blank\" rel=\"noopener noreferrer\">zug\u00e4nglich gemacht<\/a>.<\/p>\n","protected":false},"excerpt":{"rendered":"<p>Da der Autor dieser Zeilen seit vergangenem Jahr staatlich gepr\u00fcfter Funkamateur mit dem Rufzeichen DJ4QV ist, stellt er sich gerade sein Equipment zusammen.<\/p>\n","protected":false},"author":1,"featured_media":1811,"comment_status":"open","ping_status":"closed","sticky":false,"template":"","format":"standard","meta":[],"categories":[18],"tags":[],"_links":{"self":[{"href":"https:\/\/mgf-lab.mgf-kulmbach.de\/index.php\/wp-json\/wp\/v2\/posts\/1809"}],"collection":[{"href":"https:\/\/mgf-lab.mgf-kulmbach.de\/index.php\/wp-json\/wp\/v2\/posts"}],"about":[{"href":"https:\/\/mgf-lab.mgf-kulmbach.de\/index.php\/wp-json\/wp\/v2\/types\/post"}],"author":[{"embeddable":true,"href":"https:\/\/mgf-lab.mgf-kulmbach.de\/index.php\/wp-json\/wp\/v2\/users\/1"}],"replies":[{"embeddable":true,"href":"https:\/\/mgf-lab.mgf-kulmbach.de\/index.php\/wp-json\/wp\/v2\/comments?post=1809"}],"version-history":[{"count":3,"href":"https:\/\/mgf-lab.mgf-kulmbach.de\/index.php\/wp-json\/wp\/v2\/posts\/1809\/revisions"}],"predecessor-version":[{"id":1817,"href":"https:\/\/mgf-lab.mgf-kulmbach.de\/index.php\/wp-json\/wp\/v2\/posts\/1809\/revisions\/1817"}],"wp:featuredmedia":[{"embeddable":true,"href":"https:\/\/mgf-lab.mgf-kulmbach.de\/index.php\/wp-json\/wp\/v2\/media\/1811"}],"wp:attachment":[{"href":"https:\/\/mgf-lab.mgf-kulmbach.de\/index.php\/wp-json\/wp\/v2\/media?parent=1809"}],"wp:term":[{"taxonomy":"category","embeddable":true,"href":"https:\/\/mgf-lab.mgf-kulmbach.de\/index.php\/wp-json\/wp\/v2\/categories?post=1809"},{"taxonomy":"post_tag","embeddable":true,"href":"https:\/\/mgf-lab.mgf-kulmbach.de\/index.php\/wp-json\/wp\/v2\/tags?post=1809"}],"curies":[{"name":"wp","href":"https:\/\/api.w.org\/{rel}","templated":true}]}}