{"id":1206,"date":"2018-09-02T19:18:50","date_gmt":"2018-09-02T17:18:50","guid":{"rendered":"http:\/\/mgf-lab.mgf-kulmbach.de\/?p=1206"},"modified":"2018-09-17T22:07:48","modified_gmt":"2018-09-17T20:07:48","slug":"lightpainting-mit-arduino","status":"publish","type":"post","link":"https:\/\/mgf-lab.mgf-kulmbach.de\/index.php\/2018\/09\/02\/lightpainting-mit-arduino\/","title":{"rendered":"Lightpainting mit Arduino"},"content":{"rendered":"<p style=\"text-align: justify;\">Nachdem im letztj\u00e4hrigen Kurs der Regionalen Begabtenf\u00f6rderung Oberfranken Hannes N\u00e4ther eine Holzleiste mit einem 1m langen LED-Streifen mit 144 einzeln ansprechbaren RGB-LEDs beklebt hatte, und dazu passend eine Schaltung aus einem Arduino Mega, einem LCD-Display und einem SD-Karten-Leser nach dem Vorschlag des <a href=\"http:\/\/mrossphoto.com\/digital-light-wand\/\" target=\"_blank\">texanischen Fotografen Michael Ross<\/a> aufgebaut hatte, fanden wir in den Sommerferien endlich Zeit mit unserem inzwischen ehemaligen Sch\u00fcler und Hobbyfotografen Nicolas Landgraf ein paar Bilder in den Nachthimmel zu zaubern. <!--more-->Beim Lightpainting werden langzeitbelichtete Aufnahmen angefertigt, wobei sich eine Lichtquelle vor dem Objektiv bewegt und so ein Bild auf den &#8222;Film&#8220; im Foto malt.<\/p>\n<p style=\"text-align: justify;\"><img decoding=\"async\" loading=\"lazy\" class=\"size-medium wp-image-1248 alignleft\" src=\"https:\/\/mgf-lab.mgf-kulmbach.de\/wp-content\/uploads\/2018\/09\/LightPainting16-300x200.jpg\" alt=\"LightPainting16\" width=\"300\" height=\"200\" srcset=\"https:\/\/mgf-lab.mgf-kulmbach.de\/wp-content\/uploads\/2018\/09\/LightPainting16-300x200.jpg 300w, https:\/\/mgf-lab.mgf-kulmbach.de\/wp-content\/uploads\/2018\/09\/LightPainting16-450x300.jpg 450w, https:\/\/mgf-lab.mgf-kulmbach.de\/wp-content\/uploads\/2018\/09\/LightPainting16.jpg 480w\" sizes=\"(max-width: 300px) 100vw, 300px\" \/>Unsere Lichtquelle besteht aus 144 einzeln ansprechbaren RGB-LEDs, die auf einer Holzleiste senkrecht in einer Linie angeordnet sind. Bewegt man nun die Holzeiste horizontal, w\u00e4hrend die LEDs vom Arduino angesteuert zu unterschiedlichen Zeiten in unterschiedlichen Farben leuchten, sollte man durch die Langzeitbelichtung ein 144 Pixel hohes Bild erhalten.<img decoding=\"async\" loading=\"lazy\" class=\"size-medium wp-image-1240 aligncenter\" src=\"https:\/\/mgf-lab.mgf-kulmbach.de\/wp-content\/uploads\/2018\/09\/LightPainting8-300x200.jpg\" alt=\"LightPainting8\" width=\"300\" height=\"200\" srcset=\"https:\/\/mgf-lab.mgf-kulmbach.de\/wp-content\/uploads\/2018\/09\/LightPainting8-300x200.jpg 300w, https:\/\/mgf-lab.mgf-kulmbach.de\/wp-content\/uploads\/2018\/09\/LightPainting8-450x300.jpg 450w, https:\/\/mgf-lab.mgf-kulmbach.de\/wp-content\/uploads\/2018\/09\/LightPainting8.jpg 480w\" sizes=\"(max-width: 300px) 100vw, 300px\" \/><\/p>\n<div style=\"width: 640px;\" class=\"wp-video\"><!--[if lt IE 9]><script>document.createElement('video');<\/script><![endif]-->\n<video class=\"wp-video-shortcode\" id=\"video-1206-1\" width=\"640\" height=\"364\" preload=\"metadata\" controls=\"controls\"><source type=\"video\/mp4\" src=\"https:\/\/mgf-lab.mgf-kulmbach.de\/wp-content\/uploads\/2018\/09\/Lightwand.mp4?_=1\" \/><a href=\"https:\/\/mgf-lab.mgf-kulmbach.de\/wp-content\/uploads\/2018\/09\/Lightwand.mp4\">https:\/\/mgf-lab.mgf-kulmbach.de\/wp-content\/uploads\/2018\/09\/Lightwand.mp4<\/a><\/video><\/div>\n<p style=\"text-align: justify;\">In der vorletzten Ferienwoche Dienstag Vormittag trafen wir uns, um im abgedunkelten Physiksaal ein paar Probeaufnahmen zu machen und ein Gef\u00fchl daf\u00fcr zu entwickeln, wie schnell der Lichtleiste bewegt werden muss und wie gut die erzielte Aufl\u00f6sung mit 144 Pixeln sich dann letztendlich auf dem Bild darstellt. Die Ergebnisse haben uns derma\u00dfen begeistert, dass wir noch in der Schule weitere Bilder mit dem Bildbearbeitungsprogramm GIMP aufbereitet haben um gleich noch <img decoding=\"async\" loading=\"lazy\" class=\"size-medium wp-image-1236 alignleft\" src=\"https:\/\/mgf-lab.mgf-kulmbach.de\/wp-content\/uploads\/2018\/09\/LightPainting4-300x200.jpg\" alt=\"LightPainting4\" width=\"300\" height=\"200\" srcset=\"https:\/\/mgf-lab.mgf-kulmbach.de\/wp-content\/uploads\/2018\/09\/LightPainting4-300x200.jpg 300w, https:\/\/mgf-lab.mgf-kulmbach.de\/wp-content\/uploads\/2018\/09\/LightPainting4-450x300.jpg 450w, https:\/\/mgf-lab.mgf-kulmbach.de\/wp-content\/uploads\/2018\/09\/LightPainting4.jpg 480w\" sizes=\"(max-width: 300px) 100vw, 300px\" \/>mehr Aufnahmen machen zu k\u00f6nnen. Gegen 3 Uhr am Nachmittag haben wir uns dann f\u00fcr den darauf folgenden Tag abends an der Kiesw\u00e4sch verabredet, um im Halbdunkel auch Aufnahmen mit Hintergrund machen zu k\u00f6nnen.<\/p>\n<p style=\"text-align: justify;\">Dabei hatte Nicolas die Idee, ein gemaltes Segelschiff auf dem See fahren zu lassen. Nachdem wir einen sch\u00f6nen Ort mit toller Aussicht gefunden hatten, der auch <a href=\"https:\/\/mgf-lab.mgf-kulmbach.de\/wp-content\/uploads\/2018\/09\/LightPainting14.jpg\"><img decoding=\"async\" loading=\"lazy\" class=\"alignright wp-image-1246 size-medium\" src=\"https:\/\/mgf-lab.mgf-kulmbach.de\/wp-content\/uploads\/2018\/09\/LightPainting14-300x200.jpg\" alt=\"LightPainting14\" width=\"300\" height=\"200\" srcset=\"https:\/\/mgf-lab.mgf-kulmbach.de\/wp-content\/uploads\/2018\/09\/LightPainting14-300x200.jpg 300w, https:\/\/mgf-lab.mgf-kulmbach.de\/wp-content\/uploads\/2018\/09\/LightPainting14-450x300.jpg 450w, https:\/\/mgf-lab.mgf-kulmbach.de\/wp-content\/uploads\/2018\/09\/LightPainting14.jpg 480w\" sizes=\"(max-width: 300px) 100vw, 300px\" \/><\/a>ausreichend Bewegungsfreiheit zulie\u00df, machten wir uns auch gleich ans Werk. Da die D\u00e4mmerung schon relativ kurz ausfiel, machte sich nun unsere Erfahrung vom Vortag bezahlt und wir hatten nach nur ein paar Versuchen ein paar au\u00dfergew\u00f6hnliche Bilder im Kasten.<\/p>\n<p style=\"text-align: justify;\">Nicolas hatte f\u00fcr anschlie\u00dfend auch noch die Idee, einen Londoner Doppeldeckerbus auf die Schauerkreuzung zu projizieren. Dort vor Ort mussten wir nach den ersten vielversprechenden Aufnahmen aber feststellen, <a href=\"https:\/\/mgf-lab.mgf-kulmbach.de\/wp-content\/uploads\/2018\/09\/LightPainting15.jpg\"><img decoding=\"async\" loading=\"lazy\" class=\"alignleft wp-image-1247 size-medium\" src=\"https:\/\/mgf-lab.mgf-kulmbach.de\/wp-content\/uploads\/2018\/09\/LightPainting15-300x200.jpg\" alt=\"LightPainting15\" width=\"300\" height=\"200\" srcset=\"https:\/\/mgf-lab.mgf-kulmbach.de\/wp-content\/uploads\/2018\/09\/LightPainting15-300x200.jpg 300w, https:\/\/mgf-lab.mgf-kulmbach.de\/wp-content\/uploads\/2018\/09\/LightPainting15-450x300.jpg 450w, https:\/\/mgf-lab.mgf-kulmbach.de\/wp-content\/uploads\/2018\/09\/LightPainting15.jpg 480w\" sizes=\"(max-width: 300px) 100vw, 300px\" \/><\/a>dass der Bus auf der falschen Stra\u00dfenseite f\u00e4hrt. Durch die Richtungs\u00e4nderung beim Bewegen des Lichtstabes konnte dem zwar einfach Abhilfe geschaffen werden, damit die Perspektive auf dem Foto aber stimmig erscheint, mussten noch viele weitere Versuche unternommen werden. Da auf dem Foto auch noch die Lichter des Querverkehrs zu sehen sein sollten musste immer die Rotphase der Ampel abgewartet werden. Und wenn dann gerade kein Auto auf der B85 vor der Ampel wartete, konnte ein weiterer Versuch f\u00fcr das perfekte Bild unternommen werden.<\/p>\n<p style=\"text-align: justify;\">Gegen 22:00 Uhr schlie\u00dflich ist uns dann eine Aufnahme gegl\u00fcckt, mit der alle zufrieden waren. Jetzt hei\u00dft es Daumen dr\u00fccken f\u00fcr Nicolas, der die sch\u00f6nsten Bilder beim <a href=\"https:\/\/www.prophoto-online.de\/fotowettbewerb-blende\/fotowettbewerb-blende-2018-das-bewegt-mich-10011382\" target=\"_blank\">deutschlandweiten Fotowettbewerb &#8222;Blende 2018&#8220;<\/a> eingesendet hat. Die Aufnahmen lassen sich im Physiktrakt unserer Schule im Rahmen ein kleinen Ausstellung in voller Pracht bewundern.<\/p>\n<p style=\"text-align: justify;\">Nachtrag: Inzwischen hat sich herausgestellt, dass Nicolas mit dem roten Doppeldeckerbus beim Blende 2018 Photowettbewerb regional einen hervorragenden 3. Platz erreicht hat und sein Photo nun zum Bundesfinale eingereicht wird! Herzlichen Gl\u00fcckwunsch!<img decoding=\"async\" loading=\"lazy\" class=\"size-medium wp-image-1235 aligncenter\" src=\"https:\/\/mgf-lab.mgf-kulmbach.de\/wp-content\/uploads\/2018\/09\/LightPainting3-300x200.jpg\" alt=\"LightPainting3\" width=\"300\" height=\"200\" srcset=\"https:\/\/mgf-lab.mgf-kulmbach.de\/wp-content\/uploads\/2018\/09\/LightPainting3-300x200.jpg 300w, https:\/\/mgf-lab.mgf-kulmbach.de\/wp-content\/uploads\/2018\/09\/LightPainting3-450x300.jpg 450w, https:\/\/mgf-lab.mgf-kulmbach.de\/wp-content\/uploads\/2018\/09\/LightPainting3.jpg 480w\" sizes=\"(max-width: 300px) 100vw, 300px\" \/><img decoding=\"async\" loading=\"lazy\" class=\"size-medium wp-image-1239 aligncenter\" src=\"https:\/\/mgf-lab.mgf-kulmbach.de\/wp-content\/uploads\/2018\/09\/LightPainting7-300x200.jpg\" alt=\"LightPainting7\" width=\"300\" height=\"200\" srcset=\"https:\/\/mgf-lab.mgf-kulmbach.de\/wp-content\/uploads\/2018\/09\/LightPainting7-300x200.jpg 300w, https:\/\/mgf-lab.mgf-kulmbach.de\/wp-content\/uploads\/2018\/09\/LightPainting7-450x300.jpg 450w, https:\/\/mgf-lab.mgf-kulmbach.de\/wp-content\/uploads\/2018\/09\/LightPainting7.jpg 480w\" sizes=\"(max-width: 300px) 100vw, 300px\" \/><img decoding=\"async\" loading=\"lazy\" class=\"size-medium wp-image-1238 aligncenter\" src=\"https:\/\/mgf-lab.mgf-kulmbach.de\/wp-content\/uploads\/2018\/09\/LightPainting6-300x200.jpg\" alt=\"LightPainting6\" width=\"300\" height=\"200\" srcset=\"https:\/\/mgf-lab.mgf-kulmbach.de\/wp-content\/uploads\/2018\/09\/LightPainting6-300x200.jpg 300w, https:\/\/mgf-lab.mgf-kulmbach.de\/wp-content\/uploads\/2018\/09\/LightPainting6-450x300.jpg 450w, https:\/\/mgf-lab.mgf-kulmbach.de\/wp-content\/uploads\/2018\/09\/LightPainting6.jpg 480w\" sizes=\"(max-width: 300px) 100vw, 300px\" \/><img decoding=\"async\" loading=\"lazy\" class=\"size-medium wp-image-1237 aligncenter\" src=\"https:\/\/mgf-lab.mgf-kulmbach.de\/wp-content\/uploads\/2018\/09\/LightPainting5-300x200.jpg\" alt=\"LightPainting5\" width=\"300\" height=\"200\" srcset=\"https:\/\/mgf-lab.mgf-kulmbach.de\/wp-content\/uploads\/2018\/09\/LightPainting5-300x200.jpg 300w, https:\/\/mgf-lab.mgf-kulmbach.de\/wp-content\/uploads\/2018\/09\/LightPainting5-450x300.jpg 450w, https:\/\/mgf-lab.mgf-kulmbach.de\/wp-content\/uploads\/2018\/09\/LightPainting5.jpg 480w\" sizes=\"(max-width: 300px) 100vw, 300px\" \/><img decoding=\"async\" loading=\"lazy\" class=\"size-medium wp-image-1245 aligncenter\" src=\"https:\/\/mgf-lab.mgf-kulmbach.de\/wp-content\/uploads\/2018\/09\/LightPainting13-300x200.jpg\" alt=\"LightPainting13\" width=\"300\" height=\"200\" srcset=\"https:\/\/mgf-lab.mgf-kulmbach.de\/wp-content\/uploads\/2018\/09\/LightPainting13-300x200.jpg 300w, https:\/\/mgf-lab.mgf-kulmbach.de\/wp-content\/uploads\/2018\/09\/LightPainting13-450x300.jpg 450w, https:\/\/mgf-lab.mgf-kulmbach.de\/wp-content\/uploads\/2018\/09\/LightPainting13.jpg 480w\" sizes=\"(max-width: 300px) 100vw, 300px\" \/><img decoding=\"async\" loading=\"lazy\" class=\"size-medium wp-image-1243 aligncenter\" src=\"https:\/\/mgf-lab.mgf-kulmbach.de\/wp-content\/uploads\/2018\/09\/LightPainting11-300x200.jpg\" alt=\"LightPainting11\" width=\"300\" height=\"200\" srcset=\"https:\/\/mgf-lab.mgf-kulmbach.de\/wp-content\/uploads\/2018\/09\/LightPainting11-300x200.jpg 300w, https:\/\/mgf-lab.mgf-kulmbach.de\/wp-content\/uploads\/2018\/09\/LightPainting11-450x300.jpg 450w, https:\/\/mgf-lab.mgf-kulmbach.de\/wp-content\/uploads\/2018\/09\/LightPainting11.jpg 480w\" sizes=\"(max-width: 300px) 100vw, 300px\" \/><img decoding=\"async\" loading=\"lazy\" class=\"size-medium wp-image-1241 aligncenter\" src=\"https:\/\/mgf-lab.mgf-kulmbach.de\/wp-content\/uploads\/2018\/09\/LightPainting9-300x200.jpg\" alt=\"LightPainting9\" width=\"300\" height=\"200\" srcset=\"https:\/\/mgf-lab.mgf-kulmbach.de\/wp-content\/uploads\/2018\/09\/LightPainting9-300x200.jpg 300w, https:\/\/mgf-lab.mgf-kulmbach.de\/wp-content\/uploads\/2018\/09\/LightPainting9-450x300.jpg 450w, https:\/\/mgf-lab.mgf-kulmbach.de\/wp-content\/uploads\/2018\/09\/LightPainting9.jpg 480w\" sizes=\"(max-width: 300px) 100vw, 300px\" \/><img decoding=\"async\" loading=\"lazy\" class=\"size-medium wp-image-1236 aligncenter\" src=\"https:\/\/mgf-lab.mgf-kulmbach.de\/wp-content\/uploads\/2018\/09\/LightPainting4-300x200.jpg\" alt=\"LightPainting4\" width=\"300\" height=\"200\" srcset=\"https:\/\/mgf-lab.mgf-kulmbach.de\/wp-content\/uploads\/2018\/09\/LightPainting4-300x200.jpg 300w, https:\/\/mgf-lab.mgf-kulmbach.de\/wp-content\/uploads\/2018\/09\/LightPainting4-450x300.jpg 450w, https:\/\/mgf-lab.mgf-kulmbach.de\/wp-content\/uploads\/2018\/09\/LightPainting4.jpg 480w\" sizes=\"(max-width: 300px) 100vw, 300px\" \/><img decoding=\"async\" loading=\"lazy\" class=\"size-medium wp-image-1234 aligncenter\" src=\"https:\/\/mgf-lab.mgf-kulmbach.de\/wp-content\/uploads\/2018\/09\/LightPainting2-300x199.jpg\" alt=\"LightPainting2\" width=\"300\" height=\"199\" srcset=\"https:\/\/mgf-lab.mgf-kulmbach.de\/wp-content\/uploads\/2018\/09\/LightPainting2-300x199.jpg 300w, https:\/\/mgf-lab.mgf-kulmbach.de\/wp-content\/uploads\/2018\/09\/LightPainting2-451x300.jpg 451w, https:\/\/mgf-lab.mgf-kulmbach.de\/wp-content\/uploads\/2018\/09\/LightPainting2.jpg 480w\" sizes=\"(max-width: 300px) 100vw, 300px\" \/><img decoding=\"async\" loading=\"lazy\" class=\"size-medium wp-image-1232 aligncenter\" src=\"https:\/\/mgf-lab.mgf-kulmbach.de\/wp-content\/uploads\/2018\/09\/LightPainting1-300x200.jpg\" alt=\"LightPainting1\" width=\"300\" height=\"200\" srcset=\"https:\/\/mgf-lab.mgf-kulmbach.de\/wp-content\/uploads\/2018\/09\/LightPainting1-300x200.jpg 300w, https:\/\/mgf-lab.mgf-kulmbach.de\/wp-content\/uploads\/2018\/09\/LightPainting1-450x300.jpg 450w, https:\/\/mgf-lab.mgf-kulmbach.de\/wp-content\/uploads\/2018\/09\/LightPainting1.jpg 480w\" sizes=\"(max-width: 300px) 100vw, 300px\" \/><\/p>\n","protected":false},"excerpt":{"rendered":"<p>Nachdem im letztj\u00e4hrigen Kurs der Regionalen Begabtenf\u00f6rderung Oberfranken Hannes N\u00e4ther eine Holzleiste mit einem 1m langen LED-Streifen mit 144 einzeln ansprechbaren RGB-LEDs beklebt hatte, und dazu passend eine Schaltung aus einem Arduino Mega, einem LCD-Display und einem SD-Karten-Leser nach dem Vorschlag des texanischen Fotografen Michael Ross aufgebaut hatte, fanden wir in den Sommerferien endlich Zeit mit unserem inzwischen ehemaligen Sch\u00fcler und Hobbyfotografen Nicolas Landgraf ein paar Bilder in den Nachthimmel zu zaubern.<\/p>\n","protected":false},"author":1,"featured_media":1247,"comment_status":"open","ping_status":"closed","sticky":false,"template":"","format":"standard","meta":[],"categories":[18],"tags":[],"_links":{"self":[{"href":"https:\/\/mgf-lab.mgf-kulmbach.de\/index.php\/wp-json\/wp\/v2\/posts\/1206"}],"collection":[{"href":"https:\/\/mgf-lab.mgf-kulmbach.de\/index.php\/wp-json\/wp\/v2\/posts"}],"about":[{"href":"https:\/\/mgf-lab.mgf-kulmbach.de\/index.php\/wp-json\/wp\/v2\/types\/post"}],"author":[{"embeddable":true,"href":"https:\/\/mgf-lab.mgf-kulmbach.de\/index.php\/wp-json\/wp\/v2\/users\/1"}],"replies":[{"embeddable":true,"href":"https:\/\/mgf-lab.mgf-kulmbach.de\/index.php\/wp-json\/wp\/v2\/comments?post=1206"}],"version-history":[{"count":15,"href":"https:\/\/mgf-lab.mgf-kulmbach.de\/index.php\/wp-json\/wp\/v2\/posts\/1206\/revisions"}],"predecessor-version":[{"id":1310,"href":"https:\/\/mgf-lab.mgf-kulmbach.de\/index.php\/wp-json\/wp\/v2\/posts\/1206\/revisions\/1310"}],"wp:featuredmedia":[{"embeddable":true,"href":"https:\/\/mgf-lab.mgf-kulmbach.de\/index.php\/wp-json\/wp\/v2\/media\/1247"}],"wp:attachment":[{"href":"https:\/\/mgf-lab.mgf-kulmbach.de\/index.php\/wp-json\/wp\/v2\/media?parent=1206"}],"wp:term":[{"taxonomy":"category","embeddable":true,"href":"https:\/\/mgf-lab.mgf-kulmbach.de\/index.php\/wp-json\/wp\/v2\/categories?post=1206"},{"taxonomy":"post_tag","embeddable":true,"href":"https:\/\/mgf-lab.mgf-kulmbach.de\/index.php\/wp-json\/wp\/v2\/tags?post=1206"}],"curies":[{"name":"wp","href":"https:\/\/api.w.org\/{rel}","templated":true}]}}